{"id":5393,"date":"2020-11-10T20:44:09","date_gmt":"2020-11-10T19:44:09","guid":{"rendered":"https:\/\/www.sankt-josef-es.de\/wpstes\/?p=5393"},"modified":"2026-04-26T17:17:53","modified_gmt":"2026-04-26T15:17:53","slug":"neuer-zeitrhythmus-und-neue-form-der-kinderkirche-finden-immer-mehr-zuspruch","status":"publish","type":"post","link":"https:\/\/www.sankt-josef-es.de\/wpstes\/2020\/11\/10\/neuer-zeitrhythmus-und-neue-form-der-kinderkirche-finden-immer-mehr-zuspruch\/","title":{"rendered":"Neuer Zeitrhythmus und neue Form der Kinderkirche finden immer mehr Zuspruch"},"content":{"rendered":"<p>Neuer Zeitrhythmus (in der Regel am 1. Sonntag eines Monats) und neue Form der Kinderkirche im Altarraum von St. Josef finden immer mehr Zuspruch!<\/p>\n<p>Bei den letzten beiden Terminen (Erntedank und Vorbereitung auf St. Martin) war die Kinderkirche sehr gut besucht. Es werden im Altarraum sogenannte Familieninseln gebildet, damit der Abstand den Corona-Regeln gem\u00e4\u00df eingehalten werden kann. Zu diesen Regeln geh\u00f6rt auch, dass die Kinder von Erwachsenen begleitet werden, damit diese ihnen z.B. beim Basteln helfen k\u00f6nnen.<\/p>\n<p>Die n\u00e4chsten beiden Termine haben am 6. Dezember 2020 St. Nikolaus und am 3. Januar 2021 Die Heiligen Drei K\u00f6nige zum Thema. Hierzu herzliche Einladung!<\/p>\n<p><a href=\"https:\/\/www.sankt-josef-es.de\/wpstes\/wp-content\/uploads\/Neuigkeiten\/20201110Kiki\/Erntedank01.jpg\" target=\"_blank\" rel=\"noopener\"><img loading=\"lazy\" decoding=\"async\" class=\"alignnone\" src=\"https:\/\/www.sankt-josef-es.de\/wpstes\/wp-content\/uploads\/Neuigkeiten\/20201110Kiki\/Erntedank01.jpg\" alt=\"\" width=\"1024\" height=\"768\" \/><\/a><\/p>\n<p><img decoding=\"async\" src=\"https:\/\/www.sankt-josef-es.de\/wpstes\/wp-content\/uploads\/Neuigkeiten\/20201110Kiki\/Erntedank02.jpg\" alt=\"\" \/><\/p>\n<p><img decoding=\"async\" src=\"https:\/\/www.sankt-josef-es.de\/wpstes\/wp-content\/uploads\/Neuigkeiten\/20201110Kiki\/Erntedank03.jpg\" alt=\"\" \/><\/p>\n","protected":false},"excerpt":{"rendered":"<p>Neuer Zeitrhythmus (in der Regel am 1. Sonntag eines Monats) und neue Form der Kinderkirche im Altarraum von St. Josef finden immer mehr Zuspruch! Bei den letzten beiden Terminen (Erntedank und Vorbereitung auf St. Martin) war die Kinderkirche sehr gut<\/p>\n","protected":false},"author":2,"featured_media":0,"comment_status":"closed","ping_status":"closed","sticky":false,"template":"","format":"standard","meta":{"_acf_changed":false,"iawp_total_views":3,"footnotes":""},"categories":[39,1],"tags":[],"class_list":["post-5393","post","type-post","status-publish","format-standard","hentry","category-kinderkirche","category-allgemein"],"acf":[],"publishpress_future_action":{"enabled":false,"date":"2026-05-06 11:24:09","action":"change-status","newStatus":"draft","terms":[],"taxonomy":"category","extraData":[]},"publishpress_future_workflow_manual_trigger":{"enabledWorkflows":[]},"_links":{"self":[{"href":"https:\/\/www.sankt-josef-es.de\/wpstes\/wp-json\/wp\/v2\/posts\/5393","targetHints":{"allow":["GET"]}}],"collection":[{"href":"https:\/\/www.sankt-josef-es.de\/wpstes\/wp-json\/wp\/v2\/posts"}],"about":[{"href":"https:\/\/www.sankt-josef-es.de\/wpstes\/wp-json\/wp\/v2\/types\/post"}],"author":[{"embeddable":true,"href":"https:\/\/www.sankt-josef-es.de\/wpstes\/wp-json\/wp\/v2\/users\/2"}],"replies":[{"embeddable":true,"href":"https:\/\/www.sankt-josef-es.de\/wpstes\/wp-json\/wp\/v2\/comments?post=5393"}],"version-history":[{"count":6,"href":"https:\/\/www.sankt-josef-es.de\/wpstes\/wp-json\/wp\/v2\/posts\/5393\/revisions"}],"predecessor-version":[{"id":13512,"href":"https:\/\/www.sankt-josef-es.de\/wpstes\/wp-json\/wp\/v2\/posts\/5393\/revisions\/13512"}],"wp:attachment":[{"href":"https:\/\/www.sankt-josef-es.de\/wpstes\/wp-json\/wp\/v2\/media?parent=5393"}],"wp:term":[{"taxonomy":"category","embeddable":true,"href":"https:\/\/www.sankt-josef-es.de\/wpstes\/wp-json\/wp\/v2\/categories?post=5393"},{"taxonomy":"post_tag","embeddable":true,"href":"https:\/\/www.sankt-josef-es.de\/wpstes\/wp-json\/wp\/v2\/tags?post=5393"}],"curies":[{"name":"wp","href":"https:\/\/api.w.org\/{rel}","templated":true}]}}