{"id":13530,"date":"2026-04-26T17:37:50","date_gmt":"2026-04-26T15:37:50","guid":{"rendered":"https:\/\/www.sankt-josef-es.de\/wpstes\/?p=13530"},"modified":"2026-04-26T17:46:53","modified_gmt":"2026-04-26T15:46:53","slug":"167-osterlaemmer-gebacken","status":"publish","type":"post","link":"https:\/\/www.sankt-josef-es.de\/wpstes\/2026\/04\/26\/167-osterlaemmer-gebacken\/","title":{"rendered":"167 Osterl\u00e4mmer gebacken"},"content":{"rendered":"<p>Beim Osterl\u00e4mmerbacken trafen sich die Ministrantinnen und Ministranten aus allen Kirchengemeinden in Esslingen, an drei Tagen in jeweils zwei Schichten. Gemeinsam wurden 167 Osterl\u00e4mmer gebacken. Dabei stand nicht nur das Backen im Mittelpunkt, sondern auch das Miteinander und die Gemeinschaft.<\/p>\n<p>In gem\u00fctlicher Atmosph\u00e4re wurde gelacht, geholfen und Zeit miteinander verbracht. So entstand neben vielen leckeren Osterl\u00e4mmern auch ein sch\u00f6nes Gemeinschaftserlebnis.<\/p>\n<p><a href=\"https:\/\/www.sankt-josef-es.de\/wpstes\/wp-content\/uploads\/Neuigkeiten\/20260426mini\/1000112389.jpg\" target=\"_blank\" rel=\"noopener\"><img loading=\"lazy\" decoding=\"async\" class=\"alignnone\" src=\"https:\/\/www.sankt-josef-es.de\/wpstes\/wp-content\/uploads\/Neuigkeiten\/20260426mini\/1000112389.jpg\" alt=\"\" width=\"1280\" height=\"720\" \/><\/a><\/p>\n<p><a href=\"https:\/\/www.sankt-josef-es.de\/wpstes\/wp-content\/uploads\/Neuigkeiten\/20260426mini\/1000111873.jpg\" target=\"_blank\" rel=\"noopener\"><img loading=\"lazy\" decoding=\"async\" class=\"alignnone\" src=\"https:\/\/www.sankt-josef-es.de\/wpstes\/wp-content\/uploads\/Neuigkeiten\/20260426mini\/1000111873.jpg\" alt=\"\" width=\"1280\" height=\"1280\" \/><\/a><\/p>\n<p>(Text und Bilder: Theresa Knetsch)<\/p>\n","protected":false},"excerpt":{"rendered":"<p>Beim Osterl\u00e4mmerbacken trafen sich die Ministrantinnen und Ministranten aus allen Kirchengemeinden in Esslingen, an drei Tagen in jeweils zwei Schichten. Gemeinsam wurden 167 Osterl\u00e4mmer gebacken. Dabei stand nicht nur das Backen im Mittelpunkt, sondern auch das Miteinander und die Gemeinschaft.<\/p>\n","protected":false},"author":2,"featured_media":0,"comment_status":"closed","ping_status":"closed","sticky":false,"template":"","format":"standard","meta":{"_acf_changed":false,"iawp_total_views":2,"footnotes":""},"categories":[64,1],"tags":[],"class_list":["post-13530","post","type-post","status-publish","format-standard","hentry","category-minis","category-allgemein"],"acf":[],"publishpress_future_action":{"enabled":false,"date":"2026-05-04 13:34:16","action":"change-status","newStatus":"draft","terms":[],"taxonomy":"category","extraData":[]},"publishpress_future_workflow_manual_trigger":{"enabledWorkflows":[]},"_links":{"self":[{"href":"https:\/\/www.sankt-josef-es.de\/wpstes\/wp-json\/wp\/v2\/posts\/13530","targetHints":{"allow":["GET"]}}],"collection":[{"href":"https:\/\/www.sankt-josef-es.de\/wpstes\/wp-json\/wp\/v2\/posts"}],"about":[{"href":"https:\/\/www.sankt-josef-es.de\/wpstes\/wp-json\/wp\/v2\/types\/post"}],"author":[{"embeddable":true,"href":"https:\/\/www.sankt-josef-es.de\/wpstes\/wp-json\/wp\/v2\/users\/2"}],"replies":[{"embeddable":true,"href":"https:\/\/www.sankt-josef-es.de\/wpstes\/wp-json\/wp\/v2\/comments?post=13530"}],"version-history":[{"count":4,"href":"https:\/\/www.sankt-josef-es.de\/wpstes\/wp-json\/wp\/v2\/posts\/13530\/revisions"}],"predecessor-version":[{"id":13534,"href":"https:\/\/www.sankt-josef-es.de\/wpstes\/wp-json\/wp\/v2\/posts\/13530\/revisions\/13534"}],"wp:attachment":[{"href":"https:\/\/www.sankt-josef-es.de\/wpstes\/wp-json\/wp\/v2\/media?parent=13530"}],"wp:term":[{"taxonomy":"category","embeddable":true,"href":"https:\/\/www.sankt-josef-es.de\/wpstes\/wp-json\/wp\/v2\/categories?post=13530"},{"taxonomy":"post_tag","embeddable":true,"href":"https:\/\/www.sankt-josef-es.de\/wpstes\/wp-json\/wp\/v2\/tags?post=13530"}],"curies":[{"name":"wp","href":"https:\/\/api.w.org\/{rel}","templated":true}]}}