{"id":11405,"date":"2025-05-31T16:57:18","date_gmt":"2025-05-31T14:57:18","guid":{"rendered":"https:\/\/www.sankt-josef-es.de\/wpstes\/?p=11405"},"modified":"2026-04-12T12:19:57","modified_gmt":"2026-04-12T10:19:57","slug":"kgr","status":"publish","type":"post","link":"https:\/\/www.sankt-josef-es.de\/wpstes\/2025\/05\/31\/kgr\/","title":{"rendered":"Unser Kirchengemeinderat St. Josef mit Aussch\u00fcssen"},"content":{"rendered":"<p>(Die folgende \u00dcbersicht k\u00f6nnen Sie auch <span style=\"text-decoration: underline;\"><em><strong><a href=\"https:\/\/www.sankt-josef-es.de\/wpstes\/wp-content\/uploads\/KGR\/members\/20250526KGR.pdf\" target=\"_blank\" rel=\"noopener\">hier<\/a><\/strong><\/em><\/span> als PDF-Datei herunterladen).<\/p>\n<h2>Mitglieder des Kirchengemeinderats<\/h2>\n<div class=\"container_kgr\"><div class=\"box_member_kgr\"><div class=\"container_member_kgr_img\"><a href=\"\/wpstes\/wp-content\/uploads\/KGR\/members\/moehler.png\"><img decoding=\"async\" class=\"member_kgr_img\" src=\"\/wpstes\/wp-content\/uploads\/KGR\/members\/moehler.png\" ><\/a><\/div><div class=\"member_kgr_name\">Pfarrer Stefan M\u00f6hler<\/div><div class=\"member_kgr_function\">Vorsitzender<\/div><div class=\"member_kgr_email\"><a href=\"mailto:stefan.moehler@drs.de\">stefan.moehler@drs.de<\/a><\/div><div class=\"box_member_kgr_member_of\"><\/div><\/div><div class=\"box_member_kgr\"><div class=\"container_member_kgr_img\"><a href=\"\/wpstes\/wp-content\/uploads\/KGR\/members\/eichner.png\"><img decoding=\"async\" class=\"member_kgr_img\" src=\"\/wpstes\/wp-content\/uploads\/KGR\/members\/eichner.png\" ><\/a><\/div><div class=\"member_kgr_name\"> Jutta Eichner<\/div><div class=\"member_kgr_function\">gew\u00e4hlte Vorsitzende<\/div><div class=\"member_kgr_email\"><a href=\"mailto:j.eichner@sankt-josef-es.de\">j.eichner@sankt-josef-es.de<\/a><\/div><div class=\"box_member_kgr_member_of\"><div class=\"member_kgr_header_member_of\">Mitglied in:<\/div><ul class=\"member_kgr_ul\"><li>Verwaltungsausschuss<\/li><li>Gesch\u00e4ftsf\u00fchrender Ausschuss<\/li><\/ul><\/div><\/div><div class=\"box_member_kgr\"><div class=\"container_member_kgr_img\"><a href=\"\/wpstes\/wp-content\/uploads\/KGR\/members\/albers.png\"><img decoding=\"async\" class=\"member_kgr_img\" src=\"\/wpstes\/wp-content\/uploads\/KGR\/members\/albers.png\" ><\/a><\/div><div class=\"member_kgr_name\"> Maria Albers<\/div><div class=\"member_kgr_function\"><\/div><div class=\"member_kgr_email\"><a href=\"mailto:m.albers@sankt-josef-es.de\">m.albers@sankt-josef-es.de<\/a><\/div><div class=\"box_member_kgr_member_of\"><div class=\"member_kgr_header_member_of\">Mitglied in:<\/div><ul class=\"member_kgr_ul\"><li>Gesamt KGR<\/li><\/ul><\/div><\/div><div class=\"box_member_kgr\"><div class=\"container_member_kgr_img\"><a href=\"\/wpstes\/wp-content\/uploads\/KGR\/members\/dietz.png\"><img decoding=\"async\" class=\"member_kgr_img\" src=\"\/wpstes\/wp-content\/uploads\/KGR\/members\/dietz.png\" ><\/a><\/div><div class=\"member_kgr_name\"> Thomas Dietz<\/div><div class=\"member_kgr_function\">stv. gew\u00e4hlter Vorsitzender<\/div><div class=\"member_kgr_email\"><a href=\"mailto:t.dietz@sankt-josef-es.de\">t.dietz@sankt-josef-es.de<\/a><\/div><div class=\"box_member_kgr_member_of\"><div class=\"member_kgr_header_member_of\">Mitglied in:<\/div><ul class=\"member_kgr_ul\"><li>\u00d6ffentlichkeitsarbeit<\/li><\/ul><\/div><\/div><div class=\"box_member_kgr\"><div class=\"container_member_kgr_img\"><a href=\"\/wpstes\/wp-content\/uploads\/KGR\/members\/fasoli.png\"><img decoding=\"async\" class=\"member_kgr_img\" src=\"\/wpstes\/wp-content\/uploads\/KGR\/members\/fasoli.png\" ><\/a><\/div><div class=\"member_kgr_name\"> Valerio Fasoli<\/div><div class=\"member_kgr_function\"><\/div><div class=\"member_kgr_email\"><a href=\"mailto:v.fasoli@sankt-josef-es.de\">v.fasoli@sankt-josef-es.de<\/a><\/div><div class=\"box_member_kgr_member_of\"><div class=\"member_kgr_header_member_of\">Mitglied in:<\/div><ul class=\"member_kgr_ul\"><li>Liturgieausschuss<\/li><li>Deligierter keb Esslingen<\/li><\/ul><\/div><\/div><div class=\"box_member_kgr\"><div class=\"container_member_kgr_img\"><a href=\"\/wpstes\/wp-content\/uploads\/KGR\/members\/herrmann.png\"><img decoding=\"async\" class=\"member_kgr_img\" src=\"\/wpstes\/wp-content\/uploads\/KGR\/members\/herrmann.png\" ><\/a><\/div><div class=\"member_kgr_name\"> Rosemarie Herrmann<\/div><div class=\"member_kgr_function\"><\/div><div class=\"member_kgr_email\"><a href=\"mailto:r.herrmann@sankt-josef-es.de\">r.herrmann@sankt-josef-es.de<\/a><\/div><div class=\"box_member_kgr_member_of\"><div class=\"member_kgr_header_member_of\">Mitglied in:<\/div><ul class=\"member_kgr_ul\"><li>Verwaltungsausschuss<\/li><\/ul><\/div><\/div><div class=\"box_member_kgr\"><div class=\"container_member_kgr_img\"><a href=\"\/wpstes\/wp-content\/uploads\/KGR\/members\/joos.png\"><img decoding=\"async\" class=\"member_kgr_img\" src=\"\/wpstes\/wp-content\/uploads\/KGR\/members\/joos.png\" ><\/a><\/div><div class=\"member_kgr_name\"> Stefanie Joos<\/div><div class=\"member_kgr_function\"><\/div><div class=\"member_kgr_email\"><a href=\"mailto:s.joos@sankt-josef-es.de\">s.joos@sankt-josef-es.de<\/a><\/div><div class=\"box_member_kgr_member_of\"><div class=\"member_kgr_header_member_of\">Mitglied in:<\/div><ul class=\"member_kgr_ul\"><li>Liturgieausschuss<\/li><li>Gesamt KGR (stv.)<\/li><li>KiGa Beauftragte<\/li><\/ul><\/div><\/div><div class=\"box_member_kgr\"><div class=\"container_member_kgr_img\"><a href=\"\/wpstes\/wp-content\/uploads\/KGR\/members\/klvana.png\"><img decoding=\"async\" class=\"member_kgr_img\" src=\"\/wpstes\/wp-content\/uploads\/KGR\/members\/klvana.png\" ><\/a><\/div><div class=\"member_kgr_name\"> Martina Klvana-Mai\u00df<\/div><div class=\"member_kgr_function\"><\/div><div class=\"member_kgr_email\"><a href=\"mailto:m.klvana@sankt-josef-es.de\">m.klvana@sankt-josef-es.de<\/a><\/div><div class=\"box_member_kgr_member_of\"><div class=\"member_kgr_header_member_of\">Mitglied in:<\/div><ul class=\"member_kgr_ul\"><li>Liturigieausschuss<\/li><\/ul><\/div><\/div><div class=\"box_member_kgr\"><div class=\"container_member_kgr_img\"><a href=\"\/wpstes\/wp-content\/uploads\/KGR\/members\/knetsch.png\"><img decoding=\"async\" class=\"member_kgr_img\" src=\"\/wpstes\/wp-content\/uploads\/KGR\/members\/knetsch.png\" ><\/a><\/div><div class=\"member_kgr_name\"> Wolfgang Knetsch<\/div><div class=\"member_kgr_function\"><\/div><div class=\"member_kgr_email\"><a href=\"mailto:w.knetsch@sankt-josef-es.de\">w.knetsch@sankt-josef-es.de<\/a><\/div><div class=\"box_member_kgr_member_of\"><div class=\"member_kgr_header_member_of\">Mitglied in:<\/div><ul class=\"member_kgr_ul\"><li>Verwaltungsausschuss<\/li><li>Gesamt KGR<\/li><\/ul><\/div><\/div><div class=\"box_member_kgr\"><div class=\"container_member_kgr_img\"><a href=\"\/wpstes\/wp-content\/uploads\/KGR\/members\/rohrhirsch.png\"><img decoding=\"async\" class=\"member_kgr_img\" src=\"\/wpstes\/wp-content\/uploads\/KGR\/members\/rohrhirsch.png\" ><\/a><\/div><div class=\"member_kgr_name\"> Christof Rohrhirsch<\/div><div class=\"member_kgr_function\"><\/div><div class=\"member_kgr_email\"><a href=\"mailto:c.rohrhirsch@sankt-josef-es.de\">c.rohrhirsch@sankt-josef-es.de<\/a><\/div><div class=\"box_member_kgr_member_of\"><div class=\"member_kgr_header_member_of\">Mitglied in:<\/div><ul class=\"member_kgr_ul\"><li>Gesamt KGR<\/li><li>Caritasausschuss<\/li><\/ul><\/div><\/div><\/div>\n<hr class=\"regular\" \/>\n<div class=\"container_ausschuesse\">\n<h2 class=\"kgr_aussch\">Aussch\u00fcsse in unserem Kirchengemeinderat St. Josef<\/h2>\n<p class=\"subtitle_ausschuss\">In der KGR-Sitzung vom 22. Mai haben wir beschlossen<\/p>\n<h4 class=\"hr4_ausschuss\">die folgenden Aussch\u00fcsse zu bilden:<\/h4>\n<ul>\n<li><strong>Caritasausschuss<\/strong>\n<ul>\n<li>Christof Rohrhirsch<\/li>\n<li>(Renate Rohrhirsch)<\/li>\n<\/ul>\n<\/li>\n<li><strong>Liturgieausschuss<\/strong>\n<ul>\n<li>(Fritz Buhro)<\/li>\n<li>Valerio Fasoli<\/li>\n<li>Stefanie Joos<\/li>\n<li>Martina Klvana-Mai\u00df<\/li>\n<\/ul>\n<\/li>\n<li><strong>Verwaltungsausschuss<\/strong>\n<ul>\n<li>Jutta Eichner<\/li>\n<li>Rosemarie Herrmann<\/li>\n<li>Wolfgang Knetsch\n<\/li>\n<\/ul>\n<\/li>\n<\/ul>\n<h4 class=\"hr4_ausschuss\">in folgenden Gremien mitzuarbeiten:<\/h4>\n<ul>\n<li><strong>Gesamt KGR<\/strong>\n<ul>\n<li>Maria Albers<\/li>\n<li>Stefanie Joos [Stellvetreterin]<\/li>\n<li>Martina Klvana-Mai\u00df<\/li>\n<li>Wolfgang Knetsch<\/li>\n<li>Christoph Rohrhirsch<\/li>\n<\/ul>\n<\/li>\n<li><strong>Gesch\u00e4ftsf\u00fchrender Ausschuss<\/strong>\n<ul>\n<li>Jutta Eichner<\/li>\n<li>Wolfgang Knetsch<\/li>\n<\/ul>\n<\/li>\n<\/ul>\n<h4 class=\"hr4_ausschuss\">folgende Beauftragte zu benennen:<\/h4>\n<ul>\n<li><strong>Kindergartenbeauftragte<\/strong>\n<ul>\n<li>Stefanie Joos<\/li>\n<\/ul>\n<\/li>\n<li><strong>Kontakt zur keb-Esslingen<\/strong>\n<ul>\n<li>Valerio Fasoli<\/li>\n<\/ul>\n<\/li>\n<li><strong>\u00d6ffentlichkeitsarbeit<\/strong>\n<ul>\n<li>Thomas Dietz<\/li>\n<\/ul>\n<\/li>\n<\/ul>\n<h4 class=\"hr4_ausschuss\">in folgenden Gremien nicht vertreten zu sein:<\/h4>\n<ul>\n<li><strong>Dekanatsrat<\/strong>\n<ul>\n<li>keine Vertretung von St. Josef<\/li>\n<\/ul>\n<\/li>\n<li>F<strong>\u00f6rderverein Esslingen Nord<\/strong>\n<ul>\n<li>Beschluss zur Teilnahme vertagt<\/li>\n<\/ul>\n<\/li>\n<\/ul>\n<\/div>\n","protected":false},"excerpt":{"rendered":"<p>(Die folgende \u00dcbersicht k\u00f6nnen Sie auch hier als PDF-Datei herunterladen). Mitglieder des Kirchengemeinderats Aussch\u00fcsse in unserem Kirchengemeinderat St. Josef In der KGR-Sitzung vom 22. Mai haben wir beschlossen die folgenden Aussch\u00fcsse zu bilden: Caritasausschuss Christof Rohrhirsch (Renate Rohrhirsch) Liturgieausschuss (Fritz<\/p>\n","protected":false},"author":2,"featured_media":0,"comment_status":"closed","ping_status":"closed","sticky":true,"template":"","format":"standard","meta":{"_acf_changed":false,"iawp_total_views":8,"footnotes":""},"categories":[47,1],"tags":[],"class_list":["post-11405","post","type-post","status-publish","format-standard","hentry","category-kgr","category-allgemein"],"acf":[],"publishpress_future_action":{"enabled":false,"date":"2026-05-07 13:10:09","action":"change-status","newStatus":"draft","terms":[],"taxonomy":"category","extraData":[]},"publishpress_future_workflow_manual_trigger":{"enabledWorkflows":[]},"_links":{"self":[{"href":"https:\/\/www.sankt-josef-es.de\/wpstes\/wp-json\/wp\/v2\/posts\/11405","targetHints":{"allow":["GET"]}}],"collection":[{"href":"https:\/\/www.sankt-josef-es.de\/wpstes\/wp-json\/wp\/v2\/posts"}],"about":[{"href":"https:\/\/www.sankt-josef-es.de\/wpstes\/wp-json\/wp\/v2\/types\/post"}],"author":[{"embeddable":true,"href":"https:\/\/www.sankt-josef-es.de\/wpstes\/wp-json\/wp\/v2\/users\/2"}],"replies":[{"embeddable":true,"href":"https:\/\/www.sankt-josef-es.de\/wpstes\/wp-json\/wp\/v2\/comments?post=11405"}],"version-history":[{"count":33,"href":"https:\/\/www.sankt-josef-es.de\/wpstes\/wp-json\/wp\/v2\/posts\/11405\/revisions"}],"predecessor-version":[{"id":13141,"href":"https:\/\/www.sankt-josef-es.de\/wpstes\/wp-json\/wp\/v2\/posts\/11405\/revisions\/13141"}],"wp:attachment":[{"href":"https:\/\/www.sankt-josef-es.de\/wpstes\/wp-json\/wp\/v2\/media?parent=11405"}],"wp:term":[{"taxonomy":"category","embeddable":true,"href":"https:\/\/www.sankt-josef-es.de\/wpstes\/wp-json\/wp\/v2\/categories?post=11405"},{"taxonomy":"post_tag","embeddable":true,"href":"https:\/\/www.sankt-josef-es.de\/wpstes\/wp-json\/wp\/v2\/tags?post=11405"}],"curies":[{"name":"wp","href":"https:\/\/api.w.org\/{rel}","templated":true}]}}